{"id":68461,"date":"2025-12-04T15:09:27","date_gmt":"2025-12-04T14:09:27","guid":{"rendered":"https:\/\/c-profil.se\/?p=68461"},"modified":"2026-02-06T13:51:12","modified_gmt":"2026-02-06T12:51:12","slug":"ecor-nordic-new-size-with-punched-fl21-openings-in-roof","status":"publish","type":"post","link":"https:\/\/c-profil.se\/english\/ecor-nordic-ny-storlek-med-utstansade-fl21-oppningar-i-tak\/","title":{"rendered":"ECOR Nordic \u2013 New size with punched FL21 openings in the roof"},"content":{"rendered":"<div data-elementor-type=\"wp-post\" data-elementor-id=\"68461\" class=\"elementor elementor-68461\" data-elementor-post-type=\"post\">\n\t\t\t\t<div class=\"elementor-element elementor-element-cb5feee e-flex e-con-boxed e-con e-parent\" data-id=\"cb5feee\" data-element_type=\"container\" data-e-type=\"container\">\n\t\t\t\t\t<div class=\"e-con-inner\">\n\t\t\t\t<div class=\"elementor-element elementor-element-1af7996 elementor-widget elementor-widget-spacer\" data-id=\"1af7996\" data-element_type=\"widget\" data-e-type=\"widget\" data-widget_type=\"spacer.default\">\n\t\t\t\t\t\t\t<div class=\"elementor-spacer\">\n\t\t\t<div class=\"elementor-spacer-inner\"><\/div>\n\t\t<\/div>\n\t\t\t\t\t\t<\/div>\n\t\t\t\t\t<\/div>\n\t\t\t\t<\/div>\n\t\t<div class=\"elementor-element elementor-element-088feb9 e-con-full e-flex e-con e-parent\" data-id=\"088feb9\" data-element_type=\"container\" data-e-type=\"container\">\n\t\t<div class=\"elementor-element elementor-element-08cb113 e-con-full e-flex e-con e-child\" data-id=\"08cb113\" data-element_type=\"container\" data-e-type=\"container\">\n\t\t\t\t<div class=\"elementor-element elementor-element-2755644 elementor-widget elementor-widget-image\" data-id=\"2755644\" data-element_type=\"widget\" data-e-type=\"widget\" data-widget_type=\"image.default\">\n\t\t\t\t\t\t\t\t\t\t\t\t\t\t\t<img fetchpriority=\"high\" decoding=\"async\" width=\"1200\" height=\"600\" src=\"https:\/\/c-profil.se\/wp-content\/uploads\/2025\/12\/New-ECOR-Nordic-size-Hemsida.jpg\" class=\"attachment-1536x1536 size-1536x1536 wp-image-68463\" alt=\"New size in ECOR Nordic - Homepage\" srcset=\"https:\/\/c-profil.se\/wp-content\/uploads\/2025\/12\/New-ECOR-Nordic-size-Hemsida.jpg 1200w, https:\/\/c-profil.se\/wp-content\/uploads\/2025\/12\/New-ECOR-Nordic-size-Hemsida-500x250.jpg 500w, https:\/\/c-profil.se\/wp-content\/uploads\/2025\/12\/New-ECOR-Nordic-size-Hemsida-1024x512.jpg 1024w, https:\/\/c-profil.se\/wp-content\/uploads\/2025\/12\/New-ECOR-Nordic-size-Hemsida-768x384.jpg 768w, https:\/\/c-profil.se\/wp-content\/uploads\/2025\/12\/New-ECOR-Nordic-size-Hemsida-18x9.jpg 18w, https:\/\/c-profil.se\/wp-content\/uploads\/2025\/12\/New-ECOR-Nordic-size-Hemsida-1000x500.jpg 1000w, https:\/\/c-profil.se\/wp-content\/uploads\/2025\/12\/New-ECOR-Nordic-size-Hemsida-64x32.jpg 64w\" sizes=\"(max-width: 1200px) 100vw, 1200px\" \/>\t\t\t\t\t\t\t\t\t\t\t\t\t\t\t<\/div>\n\t\t\t\t<\/div>\n\t\t<div class=\"elementor-element elementor-element-b95e772 e-con-full e-flex e-con e-child\" data-id=\"b95e772\" data-element_type=\"container\" data-e-type=\"container\">\n\t\t\t\t<div class=\"elementor-element elementor-element-69facbe elementor-widget elementor-widget-text-editor\" data-id=\"69facbe\" data-element_type=\"widget\" data-e-type=\"widget\" data-widget_type=\"text-editor.default\">\n\t\t\t\t\t\t\t\t\t<p>To meet demand, we are launching a new model in the series <strong>ECOR Nordic<\/strong> \u2013 now in size <strong>W600 \u00d7 H600 \u00d7 D200<\/strong>. Just as before, the cabinets are equipped with pre-punched <strong>FL21 openings in the roof<\/strong>, adapted for fast and tight cable entry. The new model will soon be in stock at C-Pro.<\/p>\t\t\t\t\t\t\t\t<\/div>\n\t\t\t\t<\/div>\n\t\t\t\t<\/div>\n\t\t<div class=\"elementor-element elementor-element-5bdbc0a e-flex e-con-boxed e-con e-parent\" data-id=\"5bdbc0a\" data-element_type=\"container\" data-e-type=\"container\">\n\t\t\t\t\t<div class=\"e-con-inner\">\n\t\t\t\t<div class=\"elementor-element elementor-element-88e71ba elementor-widget elementor-widget-spacer\" data-id=\"88e71ba\" data-element_type=\"widget\" data-e-type=\"widget\" data-widget_type=\"spacer.default\">\n\t\t\t\t\t\t\t<div class=\"elementor-spacer\">\n\t\t\t<div class=\"elementor-spacer-inner\"><\/div>\n\t\t<\/div>\n\t\t\t\t\t\t<\/div>\n\t\t\t\t\t<\/div>\n\t\t\t\t<\/div>\n\t\t<div class=\"elementor-element elementor-element-e5e9ba7 e-con-full e-flex e-con e-parent\" data-id=\"e5e9ba7\" data-element_type=\"container\" data-e-type=\"container\">\n\t\t<div class=\"elementor-element elementor-element-043f678 e-con-full e-flex e-con e-child\" data-id=\"043f678\" data-element_type=\"container\" data-e-type=\"container\">\n\t\t<div class=\"elementor-element elementor-element-da7ea87 e-con-full e-flex e-con e-child\" data-id=\"da7ea87\" data-element_type=\"container\" data-e-type=\"container\">\n\t\t\t\t<div class=\"elementor-element elementor-element-d7bbd5f elementor-position-inline-start elementor-view-default elementor-widget elementor-widget-icon-box\" data-id=\"d7bbd5f\" data-element_type=\"widget\" data-e-type=\"widget\" data-widget_type=\"icon-box.default\">\n\t\t\t\t\t\t\t<div class=\"elementor-icon-box-wrapper\">\n\n\t\t\t\t\t\t<div class=\"elementor-icon-box-icon\">\n\t\t\t\t<span  class=\"elementor-icon\">\n\t\t\t\t<svg aria-hidden=\"true\" class=\"e-font-icon-svg e-fas-square-full\" viewbox=\"0 0 512 512\" xmlns=\"http:\/\/www.w3.org\/2000\/svg\"><path d=\"M512 512H0V0h512v512z\"><\/path><\/svg>\t\t\t\t<\/span>\n\t\t\t<\/div>\n\t\t\t\n\t\t\t\t\t\t<div class=\"elementor-icon-box-content\">\n\n\t\t\t\t\t\t\t\t\t<h2 class=\"elementor-icon-box-title\">\n\t\t\t\t\t\t<span  >\n\t\t\t\t\t\t\tECOR Nordic a Nordic adapted wall cabinet \u2013 now in more sizes\t\t\t\t\t\t<\/span>\n\t\t\t\t\t<\/h2>\n\t\t\t\t\n\t\t\t\t\n\t\t\t<\/div>\n\t\t\t\n\t\t<\/div>\n\t\t\t\t\t\t<\/div>\n\t\t\t\t<div class=\"elementor-element elementor-element-4ed69b2 elementor-widget elementor-widget-text-editor\" data-id=\"4ed69b2\" data-element_type=\"widget\" data-e-type=\"widget\" data-widget_type=\"text-editor.default\">\n\t\t\t\t\t\t\t\t\t<p>ECOR Nordic is our market-adapted program of lacquered wall cabinets for the Nordic market. The series offers <strong>punched FL21 openings in the cabinet roof<\/strong> as standard, making installation faster and reducing the need for post-processing.<\/p><p>The new size <strong>600 \u00d7 600 \u00d7 200mm<\/strong> complements our existing range which ranges from <strong>600 \u00d7 600 mm up to 1400 \u00d7 1400 mm.<\/strong><\/p>\t\t\t\t\t\t\t\t<\/div>\n\t\t\t\t<div class=\"elementor-element elementor-element-7f7cad5 elementor-mobile-align-justify elementor-widget elementor-widget-button\" data-id=\"7f7cad5\" data-element_type=\"widget\" data-e-type=\"widget\" aria-label=\"\" data-widget_type=\"button.default\">\n\t\t\t\t\t\t\t\t\t\t<a class=\"elementor-button elementor-button-link elementor-size-sm\" href=\"https:\/\/c-profil.se\/english\/produkt-kategori\/kabelkanaler-halogenfria\/kabelkanal-unex-halogenfri\/\">\n\t\t\t\t\t\t<span class=\"elementor-button-content-wrapper\">\n\t\t\t\t\t\t\t\t\t<span class=\"elementor-button-text\">See all E COR Nordic sizes<\/span>\n\t\t\t\t\t<\/span>\n\t\t\t\t\t<\/a>\n\t\t\t\t\t\t\t\t<\/div>\n\t\t\t\t<\/div>\n\t\t<div class=\"elementor-element elementor-element-96a7961 e-con-full e-flex e-con e-child\" data-id=\"96a7961\" data-element_type=\"container\" data-e-type=\"container\">\n\t\t\t\t<div class=\"elementor-element elementor-element-a1daafb elementor-widget elementor-widget-image\" data-id=\"a1daafb\" data-element_type=\"widget\" data-e-type=\"widget\" data-widget_type=\"image.default\">\n\t\t\t\t\t\t\t\t\t\t\t\t\t\t\t<img decoding=\"async\" width=\"300\" height=\"300\" src=\"https:\/\/c-profil.se\/wp-content\/uploads\/2024\/06\/Apparatskap-ECOR-Nordic-Top-FL21-300x300.jpg\" class=\"attachment-medium size-medium wp-image-45186\" alt=\"Cabinet ECOR Nordic Top FL21\" srcset=\"https:\/\/c-profil.se\/wp-content\/uploads\/2024\/06\/Apparatskap-ECOR-Nordic-Top-FL21-300x300.jpg.webp 300w, https:\/\/c-profil.se\/wp-content\/uploads\/2024\/06\/Apparatskap-ECOR-Nordic-Top-FL21-150x150.jpg.webp 150w, https:\/\/c-profil.se\/wp-content\/uploads\/2024\/06\/Apparatskap-ECOR-Nordic-Top-FL21-768x768.jpg.webp 768w, https:\/\/c-profil.se\/wp-content\/uploads\/2024\/06\/Apparatskap-ECOR-Nordic-Top-FL21-12x12.jpg.webp 12w, https:\/\/c-profil.se\/wp-content\/uploads\/2024\/06\/Apparatskap-ECOR-Nordic-Top-FL21-500x500.jpg.webp 500w, https:\/\/c-profil.se\/wp-content\/uploads\/2024\/06\/Apparatskap-ECOR-Nordic-Top-FL21-400x400.jpg.webp 400w, https:\/\/c-profil.se\/wp-content\/uploads\/2024\/06\/Apparatskap-ECOR-Nordic-Top-FL21-100x100.jpg.webp 100w, https:\/\/c-profil.se\/wp-content\/uploads\/2024\/06\/Apparatskap-ECOR-Nordic-Top-FL21-64x64.jpg.webp 64w, https:\/\/c-profil.se\/wp-content\/uploads\/2024\/06\/Apparatskap-ECOR-Nordic-Top-FL21.jpg.webp 1000w\" sizes=\"(max-width: 300px) 100vw, 300px\" \/>\t\t\t\t\t\t\t\t\t\t\t\t\t\t\t<\/div>\n\t\t\t\t<\/div>\n\t\t\t\t<\/div>\n\t\t\t\t<\/div>\n\t\t<div class=\"elementor-element elementor-element-0351742 e-flex e-con-boxed e-con e-parent\" data-id=\"0351742\" data-element_type=\"container\" data-e-type=\"container\">\n\t\t\t\t\t<div class=\"e-con-inner\">\n\t\t\t\t<div class=\"elementor-element elementor-element-e0b61b7 elementor-widget elementor-widget-spacer\" data-id=\"e0b61b7\" data-element_type=\"widget\" data-e-type=\"widget\" data-widget_type=\"spacer.default\">\n\t\t\t\t\t\t\t<div class=\"elementor-spacer\">\n\t\t\t<div class=\"elementor-spacer-inner\"><\/div>\n\t\t<\/div>\n\t\t\t\t\t\t<\/div>\n\t\t\t\t\t<\/div>\n\t\t\t\t<\/div>\n\t\t<div class=\"elementor-element elementor-element-eb436ba e-con-full e-flex e-con e-parent\" data-id=\"eb436ba\" data-element_type=\"container\" data-e-type=\"container\">\n\t\t<div class=\"elementor-element elementor-element-f2ad2c5 e-con-full e-flex e-con e-child\" data-id=\"f2ad2c5\" data-element_type=\"container\" data-e-type=\"container\">\n\t\t<div class=\"elementor-element elementor-element-b247046 e-con-full e-flex e-con e-child\" data-id=\"b247046\" data-element_type=\"container\" data-e-type=\"container\">\n\t\t\t\t<div class=\"elementor-element elementor-element-ab30bfe elementor-position-inline-start elementor-view-default elementor-widget elementor-widget-icon-box\" data-id=\"ab30bfe\" data-element_type=\"widget\" data-e-type=\"widget\" data-widget_type=\"icon-box.default\">\n\t\t\t\t\t\t\t<div class=\"elementor-icon-box-wrapper\">\n\n\t\t\t\t\t\t<div class=\"elementor-icon-box-icon\">\n\t\t\t\t<span  class=\"elementor-icon\">\n\t\t\t\t<svg aria-hidden=\"true\" class=\"e-font-icon-svg e-fas-square-full\" viewbox=\"0 0 512 512\" xmlns=\"http:\/\/www.w3.org\/2000\/svg\"><path d=\"M512 512H0V0h512v512z\"><\/path><\/svg>\t\t\t\t<\/span>\n\t\t\t<\/div>\n\t\t\t\n\t\t\t\t\t\t<div class=\"elementor-icon-box-content\">\n\n\t\t\t\t\t\t\t\t\t<h2 class=\"elementor-icon-box-title\">\n\t\t\t\t\t\t<span  >\n\t\t\t\t\t\t\tPerfect match with Icotek KEL-DPZ-FL21\t\t\t\t\t\t<\/span>\n\t\t\t\t\t<\/h2>\n\t\t\t\t\n\t\t\t\t\n\t\t\t<\/div>\n\t\t\t\n\t\t<\/div>\n\t\t\t\t\t\t<\/div>\n\t\t\t\t<div class=\"elementor-element elementor-element-566f7fb elementor-widget elementor-widget-text-editor\" data-id=\"566f7fb\" data-element_type=\"widget\" data-e-type=\"widget\" data-widget_type=\"text-editor.default\">\n\t\t\t\t\t\t\t\t\t<p>To provide a complete installation solution, we recommend<strong> Icotek KEL-DPZ-FL21<\/strong>, a tight and flexible cable entry plate that fits directly into the pre-punched FL21 openings.<\/p><p><strong>Advantages of KEL-DPZ-FL21:<\/strong><\/p><ul><li>Quick installation in FL21 punching<\/li><li>High cable density and good strain relief<\/li><li>Suitable for cables with and without connectors<\/li><li>Very good seal against dust and moisture<\/li><\/ul>\t\t\t\t\t\t\t\t<\/div>\n\t\t\t\t<div class=\"elementor-element elementor-element-044dff0 elementor-widget elementor-widget-text-editor\" data-id=\"044dff0\" data-element_type=\"widget\" data-e-type=\"widget\" data-widget_type=\"text-editor.default\">\n\t\t\t\t\t\t\t\t\t<p>Together, ECOR Nordic and KEL-DPZ-FL21 create an efficient, durable and installation-friendly solution for modern control cabinets.<\/p>\t\t\t\t\t\t\t\t<\/div>\n\t\t\t\t<div class=\"elementor-element elementor-element-1cc4333 elementor-mobile-align-justify elementor-widget elementor-widget-button\" data-id=\"1cc4333\" data-element_type=\"widget\" data-e-type=\"widget\" aria-label=\"\" data-widget_type=\"button.default\">\n\t\t\t\t\t\t\t\t\t\t<a class=\"elementor-button elementor-button-link elementor-size-sm\" href=\"https:\/\/c-profil.se\/english\/produkt\/kabelgenomforingsplatta-multi-membran-kel-dpz-fl21\/\">\n\t\t\t\t\t\t<span class=\"elementor-button-content-wrapper\">\n\t\t\t\t\t\t\t\t\t<span class=\"elementor-button-text\">See Icotek KEL-DPZ-FL21<\/span>\n\t\t\t\t\t<\/span>\n\t\t\t\t\t<\/a>\n\t\t\t\t\t\t\t\t<\/div>\n\t\t\t\t<\/div>\n\t\t<div class=\"elementor-element elementor-element-af8d952 e-con-full e-flex e-con e-child\" data-id=\"af8d952\" data-element_type=\"container\" data-e-type=\"container\">\n\t\t\t\t<div class=\"elementor-element elementor-element-2248d79 elementor-widget elementor-widget-image\" data-id=\"2248d79\" data-element_type=\"widget\" data-e-type=\"widget\" data-widget_type=\"image.default\">\n\t\t\t\t\t\t\t\t\t\t\t\t\t\t\t<img decoding=\"async\" width=\"500\" height=\"500\" src=\"https:\/\/c-profil.se\/wp-content\/uploads\/2025\/11\/Ny-kabelgenomforingsplatta-for-FL21-haltagning-bilder.jpg\" class=\"attachment-medium size-medium wp-image-67662\" alt=\"New cable entry plate for FL21 punching - pictures\" srcset=\"https:\/\/c-profil.se\/wp-content\/uploads\/2025\/11\/Ny-kabelgenomforingsplatta-for-FL21-haltagning-bilder.jpg.webp 500w, https:\/\/c-profil.se\/wp-content\/uploads\/2025\/11\/Ny-kabelgenomforingsplatta-for-FL21-haltagning-bilder-12x12.jpg.webp 12w, https:\/\/c-profil.se\/wp-content\/uploads\/2025\/11\/Ny-kabelgenomforingsplatta-for-FL21-haltagning-bilder-100x100.jpg.webp 100w, https:\/\/c-profil.se\/wp-content\/uploads\/2025\/11\/Ny-kabelgenomforingsplatta-for-FL21-haltagning-bilder-64x64.jpg.webp 64w\" sizes=\"(max-width: 500px) 100vw, 500px\" \/>\t\t\t\t\t\t\t\t\t\t\t\t\t\t\t<\/div>\n\t\t\t\t<div class=\"elementor-element elementor-element-c022589 elementor-widget elementor-widget-image\" data-id=\"c022589\" data-element_type=\"widget\" data-e-type=\"widget\" data-widget_type=\"image.default\">\n\t\t\t\t\t\t\t\t\t\t\t\t\t\t\t<img loading=\"lazy\" decoding=\"async\" width=\"500\" height=\"500\" src=\"https:\/\/c-profil.se\/wp-content\/uploads\/2025\/11\/Ny-kabelgenomforingsplatta-for-FL21-haltagning-bilder-2.jpg\" class=\"attachment-medium size-medium wp-image-67661\" alt=\"New cable entry plate for FL21 hole punching - images 2\" srcset=\"https:\/\/c-profil.se\/wp-content\/uploads\/2025\/11\/Ny-kabelgenomforingsplatta-for-FL21-haltagning-bilder-2.jpg.webp 500w, https:\/\/c-profil.se\/wp-content\/uploads\/2025\/11\/Ny-kabelgenomforingsplatta-for-FL21-haltagning-bilder-2-12x12.jpg.webp 12w, https:\/\/c-profil.se\/wp-content\/uploads\/2025\/11\/Ny-kabelgenomforingsplatta-for-FL21-haltagning-bilder-2-100x100.jpg.webp 100w, https:\/\/c-profil.se\/wp-content\/uploads\/2025\/11\/Ny-kabelgenomforingsplatta-for-FL21-haltagning-bilder-2-64x64.jpg.webp 64w\" sizes=\"(max-width: 500px) 100vw, 500px\" \/>\t\t\t\t\t\t\t\t\t\t\t\t\t\t\t<\/div>\n\t\t\t\t<\/div>\n\t\t\t\t<\/div>\n\t\t\t\t<\/div>\n\t\t\t\t<\/div>","protected":false},"excerpt":{"rendered":"<p>To meet demand, we are launching a new model in the ECOR Nordic series \u2013 now in the size W600 \u00d7 H600 \u00d7 D200.<\/p>","protected":false},"author":1,"featured_media":68465,"comment_status":"closed","ping_status":"closed","sticky":false,"template":"","format":"standard","meta":{"_acf_changed":false,"footnotes":""},"categories":[607],"tags":[],"class_list":["post-68461","post","type-post","status-publish","format-standard","has-post-thumbnail","hentry","category-nyheter-om-apparatskap-kapslingar"],"acf":[],"yoast_head":"<!-- This site is optimized with the Yoast SEO Premium plugin v27.5 (Yoast SEO v27.5) - https:\/\/yoast.com\/product\/yoast-seo-premium-wordpress\/ -->\n<title>ECOR Nordic \u2013 Ny storlek med utstansade FL21-\u00f6ppningar i tak - C-Pro<\/title>\n<meta name=\"description\" content=\"F\u00f6r att m\u00f6ta efterfr\u00e5gan lanserar vi en ny modell i serien ECOR Nordic \u2013 nu i storleken B600 \u00d7 H600 \u00d7 D200.\" \/>\n<meta name=\"robots\" content=\"index, follow, max-snippet:-1, max-image-preview:large, max-video-preview:-1\" \/>\n<link rel=\"canonical\" href=\"https:\/\/c-profil.se\/english\/ecor-nordic-new-size-with-punched-fl21-openings-in-roof\/\" \/>\n<meta property=\"og:locale\" content=\"en_US\" \/>\n<meta property=\"og:type\" content=\"article\" \/>\n<meta property=\"og:title\" content=\"ECOR Nordic \u2013 Ny storlek med utstansade FL21-\u00f6ppningar i tak - C-Pro\" \/>\n<meta property=\"og:description\" content=\"F\u00f6r att m\u00f6ta efterfr\u00e5gan lanserar vi en ny modell i serien ECOR Nordic \u2013 nu i storleken B600 \u00d7 H600 \u00d7 D200.\" \/>\n<meta property=\"og:url\" content=\"https:\/\/c-profil.se\/english\/ecor-nordic-new-size-with-punched-fl21-openings-in-roof\/\" \/>\n<meta property=\"og:site_name\" content=\"C-Pro\" \/>\n<meta property=\"article:publisher\" content=\"https:\/\/www.facebook.com\/people\/C-Pro\/61561767306874\/\" \/>\n<meta property=\"article:published_time\" content=\"2025-12-04T14:09:27+00:00\" \/>\n<meta property=\"article:modified_time\" content=\"2026-02-06T12:51:12+00:00\" \/>\n<meta property=\"og:image\" content=\"https:\/\/c-profil.se\/wp-content\/uploads\/2025\/12\/Ny-storlek-i-ECOR-Nordic-Featured.jpg\" \/>\n\t<meta property=\"og:image:width\" content=\"500\" \/>\n\t<meta property=\"og:image:height\" content=\"500\" \/>\n\t<meta property=\"og:image:type\" content=\"image\/jpeg\" \/>\n<meta name=\"author\" content=\"Fredrik Roslund\" \/>\n<meta name=\"twitter:card\" content=\"summary_large_image\" \/>\n<meta name=\"twitter:label1\" content=\"Written by\" \/>\n\t<meta name=\"twitter:data1\" content=\"Fredrik Roslund\" \/>\n\t<meta name=\"twitter:label2\" content=\"Est. reading time\" \/>\n\t<meta name=\"twitter:data2\" content=\"1 minute\" \/>\n<script type=\"application\/ld+json\" class=\"yoast-schema-graph\">{\"@context\":\"https:\\\/\\\/schema.org\",\"@graph\":[{\"@type\":[\"Article\",\"BlogPosting\"],\"@id\":\"https:\\\/\\\/c-profil.se\\\/ecor-nordic-ny-storlek-med-utstansade-fl21-oppningar-i-tak\\\/#article\",\"isPartOf\":{\"@id\":\"https:\\\/\\\/c-profil.se\\\/ecor-nordic-ny-storlek-med-utstansade-fl21-oppningar-i-tak\\\/\"},\"author\":{\"name\":\"Fredrik Roslund\",\"@id\":\"https:\\\/\\\/c-profil.se\\\/#\\\/schema\\\/person\\\/ebdcd044aeb4768dc7c83afd04ee58d4\"},\"headline\":\"ECOR Nordic \u2013 Ny storlek med utstansade FL21-\u00f6ppningar i tak\",\"datePublished\":\"2025-12-04T14:09:27+00:00\",\"dateModified\":\"2026-02-06T12:51:12+00:00\",\"mainEntityOfPage\":{\"@id\":\"https:\\\/\\\/c-profil.se\\\/ecor-nordic-ny-storlek-med-utstansade-fl21-oppningar-i-tak\\\/\"},\"wordCount\":231,\"publisher\":{\"@id\":\"https:\\\/\\\/c-profil.se\\\/#organization\"},\"image\":{\"@id\":\"https:\\\/\\\/c-profil.se\\\/ecor-nordic-ny-storlek-med-utstansade-fl21-oppningar-i-tak\\\/#primaryimage\"},\"thumbnailUrl\":\"https:\\\/\\\/c-profil.se\\\/wp-content\\\/uploads\\\/2025\\\/12\\\/Ny-storlek-i-ECOR-Nordic-Featured.jpg\",\"articleSection\":[\"Nyheter om Apparatsk\u00e5p &amp; Kapslingar\"],\"inLanguage\":\"en\"},{\"@type\":\"WebPage\",\"@id\":\"https:\\\/\\\/c-profil.se\\\/ecor-nordic-ny-storlek-med-utstansade-fl21-oppningar-i-tak\\\/\",\"url\":\"https:\\\/\\\/c-profil.se\\\/ecor-nordic-ny-storlek-med-utstansade-fl21-oppningar-i-tak\\\/\",\"name\":\"ECOR Nordic \u2013 Ny storlek med utstansade FL21-\u00f6ppningar i tak - C-Pro\",\"isPartOf\":{\"@id\":\"https:\\\/\\\/c-profil.se\\\/#website\"},\"primaryImageOfPage\":{\"@id\":\"https:\\\/\\\/c-profil.se\\\/ecor-nordic-ny-storlek-med-utstansade-fl21-oppningar-i-tak\\\/#primaryimage\"},\"image\":{\"@id\":\"https:\\\/\\\/c-profil.se\\\/ecor-nordic-ny-storlek-med-utstansade-fl21-oppningar-i-tak\\\/#primaryimage\"},\"thumbnailUrl\":\"https:\\\/\\\/c-profil.se\\\/wp-content\\\/uploads\\\/2025\\\/12\\\/Ny-storlek-i-ECOR-Nordic-Featured.jpg\",\"datePublished\":\"2025-12-04T14:09:27+00:00\",\"dateModified\":\"2026-02-06T12:51:12+00:00\",\"description\":\"F\u00f6r att m\u00f6ta efterfr\u00e5gan lanserar vi en ny modell i serien ECOR Nordic \u2013 nu i storleken B600 \u00d7 H600 \u00d7 D200.\",\"breadcrumb\":{\"@id\":\"https:\\\/\\\/c-profil.se\\\/ecor-nordic-ny-storlek-med-utstansade-fl21-oppningar-i-tak\\\/#breadcrumb\"},\"inLanguage\":\"en\",\"potentialAction\":[{\"@type\":\"ReadAction\",\"target\":[\"https:\\\/\\\/c-profil.se\\\/ecor-nordic-ny-storlek-med-utstansade-fl21-oppningar-i-tak\\\/\"]}]},{\"@type\":\"ImageObject\",\"inLanguage\":\"en\",\"@id\":\"https:\\\/\\\/c-profil.se\\\/ecor-nordic-ny-storlek-med-utstansade-fl21-oppningar-i-tak\\\/#primaryimage\",\"url\":\"https:\\\/\\\/c-profil.se\\\/wp-content\\\/uploads\\\/2025\\\/12\\\/Ny-storlek-i-ECOR-Nordic-Featured.jpg\",\"contentUrl\":\"https:\\\/\\\/c-profil.se\\\/wp-content\\\/uploads\\\/2025\\\/12\\\/Ny-storlek-i-ECOR-Nordic-Featured.jpg\",\"width\":500,\"height\":500,\"caption\":\"Ny storlek i ECOR Nordic - Featured\"},{\"@type\":\"BreadcrumbList\",\"@id\":\"https:\\\/\\\/c-profil.se\\\/ecor-nordic-ny-storlek-med-utstansade-fl21-oppningar-i-tak\\\/#breadcrumb\",\"itemListElement\":[{\"@type\":\"ListItem\",\"position\":1,\"name\":\"Hem\",\"item\":\"https:\\\/\\\/c-profil.se\\\/\"},{\"@type\":\"ListItem\",\"position\":2,\"name\":\"ECOR Nordic \u2013 Ny storlek med utstansade FL21-\u00f6ppningar i tak\"}]},{\"@type\":\"WebSite\",\"@id\":\"https:\\\/\\\/c-profil.se\\\/#website\",\"url\":\"https:\\\/\\\/c-profil.se\\\/\",\"name\":\"C-Pro\",\"description\":\"Produkter f\u00f6r El och Automation\",\"publisher\":{\"@id\":\"https:\\\/\\\/c-profil.se\\\/#organization\"},\"potentialAction\":[{\"@type\":\"SearchAction\",\"target\":{\"@type\":\"EntryPoint\",\"urlTemplate\":\"https:\\\/\\\/c-profil.se\\\/?s={search_term_string}\"},\"query-input\":{\"@type\":\"PropertyValueSpecification\",\"valueRequired\":true,\"valueName\":\"search_term_string\"}}],\"inLanguage\":\"en\"},{\"@type\":\"Organization\",\"@id\":\"https:\\\/\\\/c-profil.se\\\/#organization\",\"name\":\"C-Pro\",\"alternateName\":\"C-PRO\",\"url\":\"https:\\\/\\\/c-profil.se\\\/\",\"logo\":{\"@type\":\"ImageObject\",\"inLanguage\":\"en\",\"@id\":\"https:\\\/\\\/c-profil.se\\\/#\\\/schema\\\/logo\\\/image\\\/\",\"url\":\"https:\\\/\\\/c-profil.se\\\/wp-content\\\/uploads\\\/2022\\\/03\\\/c-pro-logga-liggande-500x500-1.png\",\"contentUrl\":\"https:\\\/\\\/c-profil.se\\\/wp-content\\\/uploads\\\/2022\\\/03\\\/c-pro-logga-liggande-500x500-1.png\",\"width\":500,\"height\":500,\"caption\":\"C-Pro\"},\"image\":{\"@id\":\"https:\\\/\\\/c-profil.se\\\/#\\\/schema\\\/logo\\\/image\\\/\"},\"sameAs\":[\"https:\\\/\\\/www.facebook.com\\\/people\\\/C-Pro\\\/61561767306874\\\/\",\"https:\\\/\\\/www.linkedin.com\\\/company\\\/c-pro-ab\",\"https:\\\/\\\/www.instagram.com\\\/cpro.ab\\\/\"],\"description\":\"C-PRO AB \u00e4r en helt\u00e4ckande leverant\u00f6r av material f\u00f6r applikationer inom el och automation. \u00c4nda sedan starten 1987 har vi f\u00f6rsett den svenska tillverkande industrin med elmaterial. Trots v\u00e5r storlek och ledande position har vi aldrig \u00f6vergett v\u00e5r grundfilosofi, att vara en personlig leverant\u00f6r. Vi p\u00e5 C-PRO \u00e4r l\u00e4tta att komma i kontakt med, \u00e4rliga och brinner f\u00f6r att l\u00f6sa v\u00e5ra kunders problem.\",\"email\":\"info@c-profil.se\",\"telephone\":\"031575785\",\"legalName\":\"C-Profil F\u00f6rl\u00e4ggningsmaterial AB\",\"foundingDate\":\"1987-01-01\"},{\"@type\":\"Person\",\"@id\":\"https:\\\/\\\/c-profil.se\\\/#\\\/schema\\\/person\\\/ebdcd044aeb4768dc7c83afd04ee58d4\",\"name\":\"Fredrik Roslund\",\"sameAs\":[\"https:\\\/\\\/c-profil.se\",\"https:\\\/\\\/www.linkedin.com\\\/company\\\/c-pro-ab\"],\"url\":\"https:\\\/\\\/c-profil.se\\\/english\\\/author\\\/admin\\\/\"}]}<\/script>\n<!-- \/ Yoast SEO Premium plugin. -->","yoast_head_json":{"title":"ECOR Nordic \u2013 New size with punched FL21 openings in the roof- C-Pro","description":"To meet demand, we are launching a new model in the ECOR Nordic series \u2013 now in the size W600 \u00d7 H600 \u00d7 D200.","robots":{"index":"index","follow":"follow","max-snippet":"max-snippet:-1","max-image-preview":"max-image-preview:large","max-video-preview":"max-video-preview:-1"},"canonical":"https:\/\/c-profil.se\/english\/ecor-nordic-new-size-with-punched-fl21-openings-in-roof\/","og_locale":"en_US","og_type":"article","og_title":"ECOR Nordic \u2013 Ny storlek med utstansade FL21-\u00f6ppningar i tak - C-Pro","og_description":"F\u00f6r att m\u00f6ta efterfr\u00e5gan lanserar vi en ny modell i serien ECOR Nordic \u2013 nu i storleken B600 \u00d7 H600 \u00d7 D200.","og_url":"https:\/\/c-profil.se\/english\/ecor-nordic-new-size-with-punched-fl21-openings-in-roof\/","og_site_name":"C-Pro","article_publisher":"https:\/\/www.facebook.com\/people\/C-Pro\/61561767306874\/","article_published_time":"2025-12-04T14:09:27+00:00","article_modified_time":"2026-02-06T12:51:12+00:00","og_image":[{"width":500,"height":500,"url":"https:\/\/c-profil.se\/wp-content\/uploads\/2025\/12\/Ny-storlek-i-ECOR-Nordic-Featured.jpg","type":"image\/jpeg"}],"author":"Fredrik Roslund","twitter_card":"summary_large_image","twitter_misc":{"Written by":"Fredrik Roslund","Est. reading time":"1 minute"},"schema":{"@context":"https:\/\/schema.org","@graph":[{"@type":["Article","BlogPosting"],"@id":"https:\/\/c-profil.se\/ecor-nordic-ny-storlek-med-utstansade-fl21-oppningar-i-tak\/#article","isPartOf":{"@id":"https:\/\/c-profil.se\/ecor-nordic-ny-storlek-med-utstansade-fl21-oppningar-i-tak\/"},"author":{"name":"Fredrik Roslund","@id":"https:\/\/c-profil.se\/#\/schema\/person\/ebdcd044aeb4768dc7c83afd04ee58d4"},"headline":"ECOR Nordic \u2013 Ny storlek med utstansade FL21-\u00f6ppningar i tak","datePublished":"2025-12-04T14:09:27+00:00","dateModified":"2026-02-06T12:51:12+00:00","mainEntityOfPage":{"@id":"https:\/\/c-profil.se\/ecor-nordic-ny-storlek-med-utstansade-fl21-oppningar-i-tak\/"},"wordCount":231,"publisher":{"@id":"https:\/\/c-profil.se\/#organization"},"image":{"@id":"https:\/\/c-profil.se\/ecor-nordic-ny-storlek-med-utstansade-fl21-oppningar-i-tak\/#primaryimage"},"thumbnailUrl":"https:\/\/c-profil.se\/wp-content\/uploads\/2025\/12\/Ny-storlek-i-ECOR-Nordic-Featured.jpg","articleSection":["Nyheter om Apparatsk\u00e5p &amp; Kapslingar"],"inLanguage":"en"},{"@type":"WebPage","@id":"https:\/\/c-profil.se\/ecor-nordic-ny-storlek-med-utstansade-fl21-oppningar-i-tak\/","url":"https:\/\/c-profil.se\/ecor-nordic-ny-storlek-med-utstansade-fl21-oppningar-i-tak\/","name":"ECOR Nordic \u2013 New size with punched FL21 openings in the roof- C-Pro","isPartOf":{"@id":"https:\/\/c-profil.se\/#website"},"primaryImageOfPage":{"@id":"https:\/\/c-profil.se\/ecor-nordic-ny-storlek-med-utstansade-fl21-oppningar-i-tak\/#primaryimage"},"image":{"@id":"https:\/\/c-profil.se\/ecor-nordic-ny-storlek-med-utstansade-fl21-oppningar-i-tak\/#primaryimage"},"thumbnailUrl":"https:\/\/c-profil.se\/wp-content\/uploads\/2025\/12\/Ny-storlek-i-ECOR-Nordic-Featured.jpg","datePublished":"2025-12-04T14:09:27+00:00","dateModified":"2026-02-06T12:51:12+00:00","description":"To meet demand, we are launching a new model in the ECOR Nordic series \u2013 now in the size W600 \u00d7 H600 \u00d7 D200.","breadcrumb":{"@id":"https:\/\/c-profil.se\/ecor-nordic-ny-storlek-med-utstansade-fl21-oppningar-i-tak\/#breadcrumb"},"inLanguage":"en","potentialAction":[{"@type":"ReadAction","target":["https:\/\/c-profil.se\/ecor-nordic-ny-storlek-med-utstansade-fl21-oppningar-i-tak\/"]}]},{"@type":"ImageObject","inLanguage":"en","@id":"https:\/\/c-profil.se\/ecor-nordic-ny-storlek-med-utstansade-fl21-oppningar-i-tak\/#primaryimage","url":"https:\/\/c-profil.se\/wp-content\/uploads\/2025\/12\/Ny-storlek-i-ECOR-Nordic-Featured.jpg","contentUrl":"https:\/\/c-profil.se\/wp-content\/uploads\/2025\/12\/Ny-storlek-i-ECOR-Nordic-Featured.jpg","width":500,"height":500,"caption":"Ny storlek i ECOR Nordic - Featured"},{"@type":"BreadcrumbList","@id":"https:\/\/c-profil.se\/ecor-nordic-ny-storlek-med-utstansade-fl21-oppningar-i-tak\/#breadcrumb","itemListElement":[{"@type":"ListItem","position":1,"name":"Hem","item":"https:\/\/c-profil.se\/"},{"@type":"ListItem","position":2,"name":"ECOR Nordic \u2013 Ny storlek med utstansade FL21-\u00f6ppningar i tak"}]},{"@type":"WebSite","@id":"https:\/\/c-profil.se\/#website","url":"https:\/\/c-profil.se\/","name":"C-Pro","description":"Products for Electricity and Automation","publisher":{"@id":"https:\/\/c-profil.se\/#organization"},"potentialAction":[{"@type":"SearchAction","target":{"@type":"EntryPoint","urlTemplate":"https:\/\/c-profil.se\/?s={search_term_string}"},"query-input":{"@type":"PropertyValueSpecification","valueRequired":true,"valueName":"search_term_string"}}],"inLanguage":"en"},{"@type":"Organization","@id":"https:\/\/c-profil.se\/#organization","name":"C-Pro","alternateName":"C-PRO","url":"https:\/\/c-profil.se\/","logo":{"@type":"ImageObject","inLanguage":"en","@id":"https:\/\/c-profil.se\/#\/schema\/logo\/image\/","url":"https:\/\/c-profil.se\/wp-content\/uploads\/2022\/03\/c-pro-logga-liggande-500x500-1.png","contentUrl":"https:\/\/c-profil.se\/wp-content\/uploads\/2022\/03\/c-pro-logga-liggande-500x500-1.png","width":500,"height":500,"caption":"C-Pro"},"image":{"@id":"https:\/\/c-profil.se\/#\/schema\/logo\/image\/"},"sameAs":["https:\/\/www.facebook.com\/people\/C-Pro\/61561767306874\/","https:\/\/www.linkedin.com\/company\/c-pro-ab","https:\/\/www.instagram.com\/cpro.ab\/"],"description":"C-PRO AB is a comprehensive supplier of materials for applications in electricity and automation. Ever since the start in 1987, we have supplied the Swedish manufacturing industry with electrical materials. Despite our size and leading position, we have never abandoned our basic philosophy, to be a personal supplier. We at C-PRO are easy to get in touch with, honest and passionate about solving our customers&#039; problems.","email":"info@c-profil.se","telephone":"031575785","legalName":"C-Profil F\u00f6rl\u00e4ggningsmaterial AB","foundingDate":"1987-01-01"},{"@type":"Person","@id":"https:\/\/c-profil.se\/#\/schema\/person\/ebdcd044aeb4768dc7c83afd04ee58d4","name":"Fredrik Roslund","sameAs":["https:\/\/c-profil.se","https:\/\/www.linkedin.com\/company\/c-pro-ab"],"url":"https:\/\/c-profil.se\/english\/author\/admin\/"}]}},"_links":{"self":[{"href":"https:\/\/c-profil.se\/english\/wp-json\/wp\/v2\/posts\/68461","targetHints":{"allow":["GET"]}}],"collection":[{"href":"https:\/\/c-profil.se\/english\/wp-json\/wp\/v2\/posts"}],"about":[{"href":"https:\/\/c-profil.se\/english\/wp-json\/wp\/v2\/types\/post"}],"author":[{"embeddable":true,"href":"https:\/\/c-profil.se\/english\/wp-json\/wp\/v2\/users\/1"}],"replies":[{"embeddable":true,"href":"https:\/\/c-profil.se\/english\/wp-json\/wp\/v2\/comments?post=68461"}],"version-history":[{"count":8,"href":"https:\/\/c-profil.se\/english\/wp-json\/wp\/v2\/posts\/68461\/revisions"}],"predecessor-version":[{"id":71201,"href":"https:\/\/c-profil.se\/english\/wp-json\/wp\/v2\/posts\/68461\/revisions\/71201"}],"wp:featuredmedia":[{"embeddable":true,"href":"https:\/\/c-profil.se\/english\/wp-json\/wp\/v2\/media\/68465"}],"wp:attachment":[{"href":"https:\/\/c-profil.se\/english\/wp-json\/wp\/v2\/media?parent=68461"}],"wp:term":[{"taxonomy":"category","embeddable":true,"href":"https:\/\/c-profil.se\/english\/wp-json\/wp\/v2\/categories?post=68461"},{"taxonomy":"post_tag","embeddable":true,"href":"https:\/\/c-profil.se\/english\/wp-json\/wp\/v2\/tags?post=68461"}],"curies":[{"name":"wp","href":"https:\/\/api.w.org\/{rel}","templated":true}]}}